{"id":2481,"date":"2025-06-01T11:00:15","date_gmt":"2025-06-01T11:00:15","guid":{"rendered":"https:\/\/www.sasuudad.ee\/?p=2481"},"modified":"2025-06-01T11:00:15","modified_gmt":"2025-06-01T11:00:15","slug":"me-ei-pea-aktsepteerima-laste-ja-noorte-tegusid-aga-me-saame-proovida-moista-kust-need-tulevad-nii-saame-pakkuda-tuge-mis-aitab-pariselt","status":"publish","type":"post","link":"https:\/\/www.sasuudad.ee\/en_us\/me-ei-pea-aktsepteerima-laste-ja-noorte-tegusid-aga-me-saame-proovida-moista-kust-need-tulevad-nii-saame-pakkuda-tuge-mis-aitab-pariselt\/","title":{"rendered":"Me ei pea aktsepteerima laste ja noorte tegusid, aga me saame proovida m\u00f5ista, kust need tulevad. Nii saame pakkuda tuge, mis aitab p\u00e4riselt"},"content":{"rendered":"<p>T\u00e4na on lastekaitsep\u00e4ev \u2013 kuigi tegelikult peaks iga p\u00e4ev olema p\u00e4ev, mil seisame laste ja noorte eest.<\/p>\n\n\n\n<p>Me r\u00e4\u00e4gime juba p\u00e4ris palju, et noored on olulised. Et neid on vaja kuulata, m\u00f5ista, toetada ka kaasata. Aga vahel tundub, et need on vaid s\u00f5nad. M\u00f5tlen ikka, kui paljud lapsed ja noored k\u00fcsivad endamisi: <em>Kas keegi p\u00e4riselt ka m\u00e4rkab mind? Kas keegi m\u00f5istab? Kas ma olen oluline?<\/em><\/p>\n\n\n\n<p>MT\u00dc Sa Suudad s\u00fcndis soovist seista just nende noorte eest, kelle eest pole piisavalt seistud \u2013 eriti nendel haavatavatel hetkedel, kus tuge oleks k\u00f5ige rohkem vaja olnud. Noorte eest, kes on pidanud t\u00e4iskasvanuks saama varem, kui nad valmis olid. Kes on kogenud v\u00e4givalda, hooletussej\u00e4tmist, kiusamist v\u00f5i lihtsalt korduvalt pettunud t\u00e4iskasvanutes*.<\/p>\n\n\n\n<p>Ma loodan kogu s\u00fcdamest, et tulevikus peab j\u00e4rjest v\u00e4hem lapsi kogema valu, hirmu, \u00fcksindust ja lootusetust. Aga kui see siiski juhtub, siis palun \u00e4rme karista neid selle eest.&nbsp; \u00c4rme karista neid, et nad pole \u00f5ppinud turvalisi viise, kuidas oma tunnetega toime tulla. Et nende elluj\u00e4\u00e4mise viisid on meile vahel arusaamatud, ebamugavad v\u00f5i isegi hirmutavad.<\/p>\n\n\n\n<p>Me ei pea aktsepteerima laste ja noorte tegusid, aga me saame proovida m\u00f5ista, <em>miks<\/em> noor nii k\u00e4itub ning mida see p\u00e4riselt v\u00e4ljendab. Alles siis saame pakkuda tuge, mis aitab p\u00e4riselt \u2013 mitte ei keskendu ainult n\u00e4htavale k\u00e4itumisele, vaid aitab lapsel v\u00f5i noorel endal aru saada, mis tema sees toimub \u2013 ja avab ukse v\u00f5imalusele, et elus saab ka teisiti.<\/p>\n\n\n\n<figure class=\"wp-block-image size-full\"><img decoding=\"async\" src=\"https:\/\/www.sasuudad.ee\/wp-content\/uploads\/2025\/06\/Picture1.avif\" alt=\"\" class=\"wp-image-2482\"\/><\/figure>\n\n\n\n<p>Aastate jooksul on noored mulle \u00f5petanud rohkem kui \u00fckski kool v\u00f5i koolitus. Nad on n\u00e4idanud, kui palju tarkust on lastes ja noortes. Iga inimene on p\u00e4riselt ka oma elu ekspert &#8211; isegi kui vanuse t\u00f5ttu v\u00f5ib vahel tunduda, et nii ei saa olla. Nad on n\u00e4idanud kui palju arukust ja vastupidavust on neis, keda \u00fchiskond vahel liiga kergesti \u201cprobleemseks\u201d sildistab. Nad on \u00f5petanud, kui kaugele v\u00f5ib j\u00f5uda noor, kellel on k\u00f5rval kasv\u00f5i \u00fcks inimene, kes temasse p\u00e4riselt usub.<\/p>\n\n\n\n<p>Ja mina usun, et see meie k\u00f5igi vastutus \u2013 luua keskkond, kus noor saab tunda end turvaliselt, olulisena ja kuuluvana. Ainult siis saab ta avaneda, kuulata, r\u00e4\u00e4kida ja teha valikuid, mis teda p\u00e4riselt toetavad.&nbsp;<\/p>\n\n\n\n<p>T\u00e4iskasvanud \u2013 palun \u00e4rme karda noorte valu. Kui ei oska midagi \u00f6elda ega teha, siis ole lihtsalt kohal. M\u00e4rka. Ole lihtsalt olemas. Kuula s\u00fcdamega. Ja n\u00e4hke nende tugevusi \u2013 neid on igal noorel. Me peame \u00f5ppima neid m\u00e4rkama ja v\u00e4lja tooma, et noor saaks ise ka uskuma hakata.<\/p>\n\n\n\n<p>Noored, kellega mul on au olnud kokku puutuda, on v\u00e4ljendanud ka seda, et me ei pea k\u00f5ike oskama ega teadma. K\u00fcsi, mida noor vajab, mida ta m\u00f5tleb, millest unistab \u2013 m\u00f5tleme koos. Olge toetamas, mitte parandamas. Usu ise ja aita tal endal uskuda, et ta on v\u00e4\u00e4rtuslik, oskuslik ja suudab oma elu m\u00f5jutada.&nbsp;<\/p>\n\n\n\n<p>Ja teile, noored \u2013 ma soovin, et te ei kaotaks usku ja lootust. Isegi kui nendel k\u00f5ige keerulisematel hetkedel on raske uskuda, et olukord v\u00f5ib minna paremaks, siis mina usun (ja olen kogenud), et l\u00e4heb. Teadke, et te ei ole \u00fcksi. Ka k\u00f5ige raskemates olukordades v\u00f5ib tulla keegi, kes ei anna alla &#8211; laske ta siis sellel hetkel ligi, aidake end aidata.&nbsp;<\/p>\n\n\n\n<p>Ja olgem ausad \u2013 ka mina eksin. K\u00f5ik see, millest ma kirjutan, ei tule mul alati v\u00e4lja. Nagu me k\u00f5ik oleme inimesed, oma kogemuste ja haavadega. Aga ma proovin. Ma p\u00e4riselt proovin teha seda, millesse usun. Ja kui ma eksin, siis palun vabandust. Alustan uuesti. P\u00e4riselt.<\/p>\n\n\n\n<p>Kuniks on elu, on v\u00f5imalus ja lootus. Head lastekaitsep\u00e4eva!&nbsp;<\/p>\n\n\n\n<p>Enelis Linnas<br>MT\u00dc Sa Suudad asutaja ja juhatuse liige<\/p>\n\n\n\n<p><em>* <\/em><em>Ja palun \u00e4rme unusta, et lapsed ja noored, kes on kogenud lapsep\u00f5lves ebasoodsaid tingimusi (nt v\u00e4givalda, hooletussej\u00e4tmist jm), vajavad m\u00f5istmist ja tuge ka siis, kui nad on saanud vanuseliselt t\u00e4isealiseks.T\u00e4iskasvanuks saamine ei t\u00e4henda, et valu ja haavad kaovad &#8211; eriti kui nad pole saanud noorusp\u00f5lves t\u00f5husat toetust. Sageli ei k\u00e4i emotsionaalne k\u00fcpsus k\u00e4sik\u00e4es bioloogilise vanusega \u2013 noor v\u00f5ib k\u00fcll olla t\u00e4isealine, kuid temas v\u00f5ib endiselt elada laps, kelle vajadused j\u00e4id ja on siiani t\u00e4itmata. Ka neile tuleb luua ruumi m\u00f5istmiseks, t\u00f5husaks toetamiseks, turvalisuseks ja usalduse taastamiseks.<\/em><\/p>","protected":false},"excerpt":{"rendered":"<p>T\u00e4na on lastekaitsep\u00e4ev \u2013 kuigi tegelikult peaks iga p\u00e4ev olema p\u00e4ev, mil seisame laste ja noorte eest. Me r\u00e4\u00e4gime juba p\u00e4ris palju, et noored on olulised. Et neid on vaja kuulata, m\u00f5ista, toetada ka kaasata. Aga vahel tundub, et need on vaid s\u00f5nad. M\u00f5tlen ikka, kui paljud lapsed ja noored k\u00fcsivad endamisi: Kas keegi p\u00e4riselt&hellip;&nbsp;<a href=\"https:\/\/www.sasuudad.ee\/en_us\/me-ei-pea-aktsepteerima-laste-ja-noorte-tegusid-aga-me-saame-proovida-moista-kust-need-tulevad-nii-saame-pakkuda-tuge-mis-aitab-pariselt\/\" rel=\"bookmark\">Read More &raquo;<span class=\"screen-reader-text\">Me ei pea aktsepteerima laste ja noorte tegusid, aga me saame proovida m\u00f5ista, kust need tulevad. Nii saame pakkuda tuge, mis aitab p\u00e4riselt<\/span><\/a><\/p>","protected":false},"author":2,"featured_media":2482,"comment_status":"open","ping_status":"open","sticky":false,"template":"","format":"standard","meta":{"neve_meta_sidebar":"","neve_meta_container":"","neve_meta_enable_content_width":"","neve_meta_content_width":0,"neve_meta_title_alignment":"","neve_meta_author_avatar":"","neve_post_elements_order":"","neve_meta_disable_header":"","neve_meta_disable_footer":"","neve_meta_disable_title":"","_themeisle_gutenberg_block_has_review":false,"footnotes":""},"categories":[30],"tags":[35,45,44,42,43,37,32,34],"class_list":["post-2481","post","type-post","status-publish","format-standard","has-post-thumbnail","hentry","category-blogipostitus","tag-abi","tag-hooli","tag-kuula","tag-lastekaitsepaev","tag-marka","tag-markamine","tag-noored","tag-taiskasvanud"],"_links":{"self":[{"href":"https:\/\/www.sasuudad.ee\/en_us\/wp-json\/wp\/v2\/posts\/2481","targetHints":{"allow":["GET"]}}],"collection":[{"href":"https:\/\/www.sasuudad.ee\/en_us\/wp-json\/wp\/v2\/posts"}],"about":[{"href":"https:\/\/www.sasuudad.ee\/en_us\/wp-json\/wp\/v2\/types\/post"}],"author":[{"embeddable":true,"href":"https:\/\/www.sasuudad.ee\/en_us\/wp-json\/wp\/v2\/users\/2"}],"replies":[{"embeddable":true,"href":"https:\/\/www.sasuudad.ee\/en_us\/wp-json\/wp\/v2\/comments?post=2481"}],"version-history":[{"count":1,"href":"https:\/\/www.sasuudad.ee\/en_us\/wp-json\/wp\/v2\/posts\/2481\/revisions"}],"predecessor-version":[{"id":2483,"href":"https:\/\/www.sasuudad.ee\/en_us\/wp-json\/wp\/v2\/posts\/2481\/revisions\/2483"}],"wp:featuredmedia":[{"embeddable":true,"href":"https:\/\/www.sasuudad.ee\/en_us\/wp-json\/wp\/v2\/media\/2482"}],"wp:attachment":[{"href":"https:\/\/www.sasuudad.ee\/en_us\/wp-json\/wp\/v2\/media?parent=2481"}],"wp:term":[{"taxonomy":"category","embeddable":true,"href":"https:\/\/www.sasuudad.ee\/en_us\/wp-json\/wp\/v2\/categories?post=2481"},{"taxonomy":"post_tag","embeddable":true,"href":"https:\/\/www.sasuudad.ee\/en_us\/wp-json\/wp\/v2\/tags?post=2481"}],"curies":[{"name":"wp","href":"https:\/\/api.w.org\/{rel}","templated":true}]}}